{"id":18051,"date":"2026-03-20T14:42:45","date_gmt":"2026-03-20T13:42:45","guid":{"rendered":"https:\/\/videomappingfestival.com\/?p=18051"},"modified":"2026-03-20T14:43:04","modified_gmt":"2026-03-20T13:43:04","slug":"mons-en-baroeul-fort-of-mons-2026","status":"publish","type":"post","link":"https:\/\/videomappingfestival.com\/en\/mons-en-baroeul-fort-of-mons-2026\/","title":{"rendered":"MONS-EN-BAR\u0152UL &#8211; Fort of Mons &#8211; 26<sup>th<\/sup> of September"},"content":{"rendered":"<div class=\"wpb-content-wrapper\"><p>[vc_row][vc_column][vc_column_text css=&#8221;&#8221;]<strong>Saturday 26<sup>th<\/sup> of September 2026<br \/>\nSchedules to be confirmed<\/strong><br \/>\n[\/vc_column_text][vc_column_text css=&#8221;&#8221;]<strong>The Fort of Mons<\/strong><br \/>\n4 rue de Normandie<br \/>\n59370 Mons-en-Bar\u0153ul<br \/>\n[\/vc_column_text][vc_column_text css=&#8221;&#8221;]<b>Free<\/b>[\/vc_column_text][vc_empty_space height=&#8221;25px&#8221;][vc_separator color=&#8221;custom&#8221; align=&#8221;align_left&#8221; border_width=&#8221;2&#8243; el_width=&#8221;20&#8243; css=&#8221;&#8221; accent_color=&#8221;#00ABA2&#8243;][vc_column_text css=&#8221;&#8221;]<strong>Monument video mapping<\/strong><\/p>\n<p>The Video Mapping Festival invites you to Mons-en-Bar\u0153ul to discover several creations on the facade of the Fort of Mons, made during participative workshops with residents of towns within the M\u00e9tropole Europ\u00e9enne de Lille.<br \/>\n[\/vc_column_text][vc_empty_space height=&#8221;15px&#8221;][vc_separator color=&#8221;custom&#8221; align=&#8221;align_left&#8221; border_width=&#8221;2&#8243; el_width=&#8221;20&#8243; css=&#8221;&#8221; accent_color=&#8221;#00ABA2&#8243;][vc_column_text css=&#8221;&#8221;]<i><span style=\"font-weight: 400;\">More info to come.<\/span><\/i>[\/vc_column_text][vc_empty_space height=&#8221;45px&#8221;][vc_single_image image=&#8221;17799&#8243; img_size=&#8221;full&#8221; css=&#8221;&#8221;][vc_cta h2=&#8221;SUPPORT &amp; PARTNERS&#8221; h2_font_container=&#8221;tag:h4|text_align:left|color:%2300ABA2&#8243; h2_use_theme_fonts=&#8221;yes&#8221; css=&#8221;&#8221; use_custom_fonts_h2=&#8221;true&#8221;]<strong>An event offered as part of the Video Mapping Festival organised by Rencontres Audiovisuelles.<\/strong><br \/>\nWith the support of the Hauts-de-France Region, DRAC Hauts-de-France and the M\u00e9tropole Europ\u00e9enne de Lille.<br \/>\nIn collaboration with the City of Mons-en-Bar\u0153ul.<\/p>\n<p><strong>Some of the works are made during participative workshops organised by Rencontres Audiovisuelles as part of the Video Mapping Festival and the VideoMap project.<\/strong><br \/>\nWith the support of the European Union, Interreg France &#8211; Wallonia &#8211; Vlaanderen programme.<br \/>\n[\/vc_cta][\/vc_column][\/vc_row]<\/p>\n<div class=\"simple-taxonomy\">\n\t<!-- Taxonomy : item-mapping : No Terms found -->\n\t<!-- Taxonomy : item-lieu : No Terms found -->\n\n<\/div>\n<\/div>","protected":false},"excerpt":{"rendered":"<p>[vc_row][vc_column][vc_column_text css=&#8221;&#8221;]Saturday 26th of September 2026 Schedules to be confirmed [\/vc_column_text][vc_column_text css=&#8221;&#8221;]The Fort of Mons 4 rue de Normandie 59370 Mons-en-Bar\u0153ul [\/vc_column_text][vc_column_text css=&#8221;&#8221;]Free[\/vc_column_text][vc_empty_space height=&#8221;25px&#8221;][vc_separator color=&#8221;custom&#8221; align=&#8221;align_left&#8221; border_width=&#8221;2&#8243; el_width=&#8221;20&#8243; css=&#8221;&#8221; accent_color=&#8221;#00ABA2&#8243;][vc_column_text css=&#8221;&#8221;]Monument video mapping The Video Mapping Festival invites you to Mons-en-Bar\u0153ul to discover several creations on the facade of the Fort of Mons, made during [&hellip;]<\/p>\n<div class=\"simple-taxonomy\">\n\t<!-- Taxonomy : item-mapping : No Terms found -->\n\t<!-- Taxonomy : item-lieu : No Terms found -->\n\n<\/div>\n","protected":false},"author":2,"featured_media":17986,"comment_status":"closed","ping_status":"closed","sticky":false,"template":"","format":"standard","meta":{"_acf_changed":false,"footnotes":""},"categories":[725],"tags":[],"item-mapping":[],"item-lieu":[],"class_list":["post-18051","post","type-post","status-publish","format-standard","has-post-thumbnail","hentry","category-in-region"],"acf":[],"yoast_head":"<!-- This site is optimized with the Yoast SEO plugin v26.8 - https:\/\/yoast.com\/product\/yoast-seo-wordpress\/ -->\n<title>MONS-EN-BAR\u0152UL - Fort of Mons - 26th of September - Video Mapping Festival<\/title>\n<meta name=\"robots\" content=\"index, follow, max-snippet:-1, max-image-preview:large, max-video-preview:-1\" \/>\n<link rel=\"canonical\" href=\"https:\/\/videomappingfestival.com\/en\/mons-en-baroeul-fort-of-mons-2026\/\" \/>\n<meta property=\"og:locale\" content=\"en_US\" \/>\n<meta property=\"og:type\" content=\"article\" \/>\n<meta property=\"og:title\" content=\"MONS-EN-BAR\u0152UL - Fort of Mons - 26th of September - Video Mapping Festival\" \/>\n<meta property=\"og:description\" content=\"[vc_row][vc_column][vc_column_text css=&#8221;&#8221;]Saturday 26th of September 2026 Schedules to be confirmed [\/vc_column_text][vc_column_text css=&#8221;&#8221;]The Fort of Mons 4 rue de Normandie 59370 Mons-en-Bar\u0153ul [\/vc_column_text][vc_column_text css=&#8221;&#8221;]Free[\/vc_column_text][vc_empty_space height=&#8221;25px&#8221;][vc_separator color=&#8221;custom&#8221; align=&#8221;align_left&#8221; border_width=&#8221;2&#8243; el_width=&#8221;20&#8243; css=&#8221;&#8221; accent_color=&#8221;#00ABA2&#8243;][vc_column_text css=&#8221;&#8221;]Monument video mapping The Video Mapping Festival invites you to Mons-en-Bar\u0153ul to discover several creations on the facade of the Fort of Mons, made during [&hellip;]\" \/>\n<meta property=\"og:url\" content=\"https:\/\/videomappingfestival.com\/en\/mons-en-baroeul-fort-of-mons-2026\/\" \/>\n<meta property=\"og:site_name\" content=\"Video Mapping Festival\" \/>\n<meta property=\"article:published_time\" content=\"2026-03-20T13:42:45+00:00\" \/>\n<meta property=\"article:modified_time\" content=\"2026-03-20T13:43:04+00:00\" \/>\n<meta property=\"og:image\" content=\"https:\/\/videomappingfestival.com\/wp-content\/uploads\/2018\/01\/VMF9_Mons_en_Baroeul.png\" \/>\n\t<meta property=\"og:image:width\" content=\"900\" \/>\n\t<meta property=\"og:image:height\" content=\"500\" \/>\n\t<meta property=\"og:image:type\" content=\"image\/png\" \/>\n<meta name=\"author\" content=\"Webmaster\" \/>\n<meta name=\"twitter:card\" content=\"summary_large_image\" \/>\n<meta name=\"twitter:label1\" content=\"Written by\" \/>\n\t<meta name=\"twitter:data1\" content=\"Webmaster\" \/>\n\t<meta name=\"twitter:label2\" content=\"Est. reading time\" \/>\n\t<meta name=\"twitter:data2\" content=\"2 minutes\" \/>\n<script type=\"application\/ld+json\" class=\"yoast-schema-graph\">{\"@context\":\"https:\/\/schema.org\",\"@graph\":[{\"@type\":\"Article\",\"@id\":\"https:\/\/videomappingfestival.com\/en\/mons-en-baroeul-fort-of-mons-2026\/#article\",\"isPartOf\":{\"@id\":\"https:\/\/videomappingfestival.com\/en\/mons-en-baroeul-fort-of-mons-2026\/\"},\"author\":{\"name\":\"Webmaster\",\"@id\":\"https:\/\/videomappingfestival.com\/en\/#\/schema\/person\/b4e7ccbceddeda732fa7de831d7b0c1c\"},\"headline\":\"MONS-EN-BAR\u0152UL &#8211; Fort of Mons &#8211; 26th of September\",\"datePublished\":\"2026-03-20T13:42:45+00:00\",\"dateModified\":\"2026-03-20T13:43:04+00:00\",\"mainEntityOfPage\":{\"@id\":\"https:\/\/videomappingfestival.com\/en\/mons-en-baroeul-fort-of-mons-2026\/\"},\"wordCount\":274,\"image\":{\"@id\":\"https:\/\/videomappingfestival.com\/en\/mons-en-baroeul-fort-of-mons-2026\/#primaryimage\"},\"thumbnailUrl\":\"https:\/\/videomappingfestival.com\/wp-content\/uploads\/2018\/01\/VMF9_Mons_en_Baroeul.png\",\"articleSection\":[\"In Region\"],\"inLanguage\":\"en-US\"},{\"@type\":\"WebPage\",\"@id\":\"https:\/\/videomappingfestival.com\/en\/mons-en-baroeul-fort-of-mons-2026\/\",\"url\":\"https:\/\/videomappingfestival.com\/en\/mons-en-baroeul-fort-of-mons-2026\/\",\"name\":\"MONS-EN-BAR\u0152UL - Fort of Mons - 26th of September - Video Mapping Festival\",\"isPartOf\":{\"@id\":\"https:\/\/videomappingfestival.com\/en\/#website\"},\"primaryImageOfPage\":{\"@id\":\"https:\/\/videomappingfestival.com\/en\/mons-en-baroeul-fort-of-mons-2026\/#primaryimage\"},\"image\":{\"@id\":\"https:\/\/videomappingfestival.com\/en\/mons-en-baroeul-fort-of-mons-2026\/#primaryimage\"},\"thumbnailUrl\":\"https:\/\/videomappingfestival.com\/wp-content\/uploads\/2018\/01\/VMF9_Mons_en_Baroeul.png\",\"datePublished\":\"2026-03-20T13:42:45+00:00\",\"dateModified\":\"2026-03-20T13:43:04+00:00\",\"author\":{\"@id\":\"https:\/\/videomappingfestival.com\/en\/#\/schema\/person\/b4e7ccbceddeda732fa7de831d7b0c1c\"},\"breadcrumb\":{\"@id\":\"https:\/\/videomappingfestival.com\/en\/mons-en-baroeul-fort-of-mons-2026\/#breadcrumb\"},\"inLanguage\":\"en-US\",\"potentialAction\":[{\"@type\":\"ReadAction\",\"target\":[\"https:\/\/videomappingfestival.com\/en\/mons-en-baroeul-fort-of-mons-2026\/\"]}]},{\"@type\":\"ImageObject\",\"inLanguage\":\"en-US\",\"@id\":\"https:\/\/videomappingfestival.com\/en\/mons-en-baroeul-fort-of-mons-2026\/#primaryimage\",\"url\":\"https:\/\/videomappingfestival.com\/wp-content\/uploads\/2018\/01\/VMF9_Mons_en_Baroeul.png\",\"contentUrl\":\"https:\/\/videomappingfestival.com\/wp-content\/uploads\/2018\/01\/VMF9_Mons_en_Baroeul.png\",\"width\":900,\"height\":500},{\"@type\":\"BreadcrumbList\",\"@id\":\"https:\/\/videomappingfestival.com\/en\/mons-en-baroeul-fort-of-mons-2026\/#breadcrumb\",\"itemListElement\":[{\"@type\":\"ListItem\",\"position\":1,\"name\":\"Accueil\",\"item\":\"https:\/\/videomappingfestival.com\/en\/\"},{\"@type\":\"ListItem\",\"position\":2,\"name\":\"MONS-EN-BAR\u0152UL &#8211; Fort of Mons &#8211; 26&lt;sup&gt;th&lt;\/sup&gt; of September\"}]},{\"@type\":\"WebSite\",\"@id\":\"https:\/\/videomappingfestival.com\/en\/#website\",\"url\":\"https:\/\/videomappingfestival.com\/en\/\",\"name\":\"Video Mapping Festival\",\"description\":\"En 2018, les Rencontres Audiovisuelles lancent la premi\u00e8re \u00e9dition du Video Mapping Festival en r\u00e9gion Hauts-de-France !\",\"potentialAction\":[{\"@type\":\"SearchAction\",\"target\":{\"@type\":\"EntryPoint\",\"urlTemplate\":\"https:\/\/videomappingfestival.com\/en\/?s={search_term_string}\"},\"query-input\":{\"@type\":\"PropertyValueSpecification\",\"valueRequired\":true,\"valueName\":\"search_term_string\"}}],\"inLanguage\":\"en-US\"},{\"@type\":\"Person\",\"@id\":\"https:\/\/videomappingfestival.com\/en\/#\/schema\/person\/b4e7ccbceddeda732fa7de831d7b0c1c\",\"name\":\"Webmaster\",\"image\":{\"@type\":\"ImageObject\",\"inLanguage\":\"en-US\",\"@id\":\"https:\/\/videomappingfestival.com\/en\/#\/schema\/person\/image\/\",\"url\":\"https:\/\/secure.gravatar.com\/avatar\/07b377bca5ba6e091d41ba9adf500a9fdf19965742a8669bfd6beba4c993f0e7?s=96&d=mm&r=g\",\"contentUrl\":\"https:\/\/secure.gravatar.com\/avatar\/07b377bca5ba6e091d41ba9adf500a9fdf19965742a8669bfd6beba4c993f0e7?s=96&d=mm&r=g\",\"caption\":\"Webmaster\"}}]}<\/script>\n<!-- \/ Yoast SEO plugin. -->","yoast_head_json":{"title":"MONS-EN-BAR\u0152UL - Fort of Mons - 26th of September - Video Mapping Festival","robots":{"index":"index","follow":"follow","max-snippet":"max-snippet:-1","max-image-preview":"max-image-preview:large","max-video-preview":"max-video-preview:-1"},"canonical":"https:\/\/videomappingfestival.com\/en\/mons-en-baroeul-fort-of-mons-2026\/","og_locale":"en_US","og_type":"article","og_title":"MONS-EN-BAR\u0152UL - Fort of Mons - 26th of September - Video Mapping Festival","og_description":"[vc_row][vc_column][vc_column_text css=&#8221;&#8221;]Saturday 26th of September 2026 Schedules to be confirmed [\/vc_column_text][vc_column_text css=&#8221;&#8221;]The Fort of Mons 4 rue de Normandie 59370 Mons-en-Bar\u0153ul [\/vc_column_text][vc_column_text css=&#8221;&#8221;]Free[\/vc_column_text][vc_empty_space height=&#8221;25px&#8221;][vc_separator color=&#8221;custom&#8221; align=&#8221;align_left&#8221; border_width=&#8221;2&#8243; el_width=&#8221;20&#8243; css=&#8221;&#8221; accent_color=&#8221;#00ABA2&#8243;][vc_column_text css=&#8221;&#8221;]Monument video mapping The Video Mapping Festival invites you to Mons-en-Bar\u0153ul to discover several creations on the facade of the Fort of Mons, made during [&hellip;]","og_url":"https:\/\/videomappingfestival.com\/en\/mons-en-baroeul-fort-of-mons-2026\/","og_site_name":"Video Mapping Festival","article_published_time":"2026-03-20T13:42:45+00:00","article_modified_time":"2026-03-20T13:43:04+00:00","og_image":[{"width":900,"height":500,"url":"https:\/\/videomappingfestival.com\/wp-content\/uploads\/2018\/01\/VMF9_Mons_en_Baroeul.png","type":"image\/png"}],"author":"Webmaster","twitter_card":"summary_large_image","twitter_misc":{"Written by":"Webmaster","Est. reading time":"2 minutes"},"schema":{"@context":"https:\/\/schema.org","@graph":[{"@type":"Article","@id":"https:\/\/videomappingfestival.com\/en\/mons-en-baroeul-fort-of-mons-2026\/#article","isPartOf":{"@id":"https:\/\/videomappingfestival.com\/en\/mons-en-baroeul-fort-of-mons-2026\/"},"author":{"name":"Webmaster","@id":"https:\/\/videomappingfestival.com\/en\/#\/schema\/person\/b4e7ccbceddeda732fa7de831d7b0c1c"},"headline":"MONS-EN-BAR\u0152UL &#8211; Fort of Mons &#8211; 26th of September","datePublished":"2026-03-20T13:42:45+00:00","dateModified":"2026-03-20T13:43:04+00:00","mainEntityOfPage":{"@id":"https:\/\/videomappingfestival.com\/en\/mons-en-baroeul-fort-of-mons-2026\/"},"wordCount":274,"image":{"@id":"https:\/\/videomappingfestival.com\/en\/mons-en-baroeul-fort-of-mons-2026\/#primaryimage"},"thumbnailUrl":"https:\/\/videomappingfestival.com\/wp-content\/uploads\/2018\/01\/VMF9_Mons_en_Baroeul.png","articleSection":["In Region"],"inLanguage":"en-US"},{"@type":"WebPage","@id":"https:\/\/videomappingfestival.com\/en\/mons-en-baroeul-fort-of-mons-2026\/","url":"https:\/\/videomappingfestival.com\/en\/mons-en-baroeul-fort-of-mons-2026\/","name":"MONS-EN-BAR\u0152UL - Fort of Mons - 26th of September - Video Mapping Festival","isPartOf":{"@id":"https:\/\/videomappingfestival.com\/en\/#website"},"primaryImageOfPage":{"@id":"https:\/\/videomappingfestival.com\/en\/mons-en-baroeul-fort-of-mons-2026\/#primaryimage"},"image":{"@id":"https:\/\/videomappingfestival.com\/en\/mons-en-baroeul-fort-of-mons-2026\/#primaryimage"},"thumbnailUrl":"https:\/\/videomappingfestival.com\/wp-content\/uploads\/2018\/01\/VMF9_Mons_en_Baroeul.png","datePublished":"2026-03-20T13:42:45+00:00","dateModified":"2026-03-20T13:43:04+00:00","author":{"@id":"https:\/\/videomappingfestival.com\/en\/#\/schema\/person\/b4e7ccbceddeda732fa7de831d7b0c1c"},"breadcrumb":{"@id":"https:\/\/videomappingfestival.com\/en\/mons-en-baroeul-fort-of-mons-2026\/#breadcrumb"},"inLanguage":"en-US","potentialAction":[{"@type":"ReadAction","target":["https:\/\/videomappingfestival.com\/en\/mons-en-baroeul-fort-of-mons-2026\/"]}]},{"@type":"ImageObject","inLanguage":"en-US","@id":"https:\/\/videomappingfestival.com\/en\/mons-en-baroeul-fort-of-mons-2026\/#primaryimage","url":"https:\/\/videomappingfestival.com\/wp-content\/uploads\/2018\/01\/VMF9_Mons_en_Baroeul.png","contentUrl":"https:\/\/videomappingfestival.com\/wp-content\/uploads\/2018\/01\/VMF9_Mons_en_Baroeul.png","width":900,"height":500},{"@type":"BreadcrumbList","@id":"https:\/\/videomappingfestival.com\/en\/mons-en-baroeul-fort-of-mons-2026\/#breadcrumb","itemListElement":[{"@type":"ListItem","position":1,"name":"Accueil","item":"https:\/\/videomappingfestival.com\/en\/"},{"@type":"ListItem","position":2,"name":"MONS-EN-BAR\u0152UL &#8211; Fort of Mons &#8211; 26&lt;sup&gt;th&lt;\/sup&gt; of September"}]},{"@type":"WebSite","@id":"https:\/\/videomappingfestival.com\/en\/#website","url":"https:\/\/videomappingfestival.com\/en\/","name":"Video Mapping Festival","description":"En 2018, les Rencontres Audiovisuelles lancent la premi\u00e8re \u00e9dition du Video Mapping Festival en r\u00e9gion Hauts-de-France !","potentialAction":[{"@type":"SearchAction","target":{"@type":"EntryPoint","urlTemplate":"https:\/\/videomappingfestival.com\/en\/?s={search_term_string}"},"query-input":{"@type":"PropertyValueSpecification","valueRequired":true,"valueName":"search_term_string"}}],"inLanguage":"en-US"},{"@type":"Person","@id":"https:\/\/videomappingfestival.com\/en\/#\/schema\/person\/b4e7ccbceddeda732fa7de831d7b0c1c","name":"Webmaster","image":{"@type":"ImageObject","inLanguage":"en-US","@id":"https:\/\/videomappingfestival.com\/en\/#\/schema\/person\/image\/","url":"https:\/\/secure.gravatar.com\/avatar\/07b377bca5ba6e091d41ba9adf500a9fdf19965742a8669bfd6beba4c993f0e7?s=96&d=mm&r=g","contentUrl":"https:\/\/secure.gravatar.com\/avatar\/07b377bca5ba6e091d41ba9adf500a9fdf19965742a8669bfd6beba4c993f0e7?s=96&d=mm&r=g","caption":"Webmaster"}}]}},"_links":{"self":[{"href":"https:\/\/videomappingfestival.com\/en\/wp-json\/wp\/v2\/posts\/18051","targetHints":{"allow":["GET"]}}],"collection":[{"href":"https:\/\/videomappingfestival.com\/en\/wp-json\/wp\/v2\/posts"}],"about":[{"href":"https:\/\/videomappingfestival.com\/en\/wp-json\/wp\/v2\/types\/post"}],"author":[{"embeddable":true,"href":"https:\/\/videomappingfestival.com\/en\/wp-json\/wp\/v2\/users\/2"}],"replies":[{"embeddable":true,"href":"https:\/\/videomappingfestival.com\/en\/wp-json\/wp\/v2\/comments?post=18051"}],"version-history":[{"count":1,"href":"https:\/\/videomappingfestival.com\/en\/wp-json\/wp\/v2\/posts\/18051\/revisions"}],"predecessor-version":[{"id":18052,"href":"https:\/\/videomappingfestival.com\/en\/wp-json\/wp\/v2\/posts\/18051\/revisions\/18052"}],"wp:featuredmedia":[{"embeddable":true,"href":"https:\/\/videomappingfestival.com\/en\/wp-json\/wp\/v2\/media\/17986"}],"wp:attachment":[{"href":"https:\/\/videomappingfestival.com\/en\/wp-json\/wp\/v2\/media?parent=18051"}],"wp:term":[{"taxonomy":"category","embeddable":true,"href":"https:\/\/videomappingfestival.com\/en\/wp-json\/wp\/v2\/categories?post=18051"},{"taxonomy":"post_tag","embeddable":true,"href":"https:\/\/videomappingfestival.com\/en\/wp-json\/wp\/v2\/tags?post=18051"},{"taxonomy":"item-mapping","embeddable":true,"href":"https:\/\/videomappingfestival.com\/en\/wp-json\/wp\/v2\/item-mapping?post=18051"},{"taxonomy":"item-lieu","embeddable":true,"href":"https:\/\/videomappingfestival.com\/en\/wp-json\/wp\/v2\/item-lieu?post=18051"}],"curies":[{"name":"wp","href":"https:\/\/api.w.org\/{rel}","templated":true}]}}