{"id":17556,"date":"2025-11-25T11:07:12","date_gmt":"2025-11-25T10:07:12","guid":{"rendered":"https:\/\/videomappingfestival.com\/?p=17556"},"modified":"2026-03-03T16:03:39","modified_gmt":"2026-03-03T15:03:39","slug":"save-the-date-ibsic-2026","status":"publish","type":"post","link":"https:\/\/videomappingfestival.com\/en\/save-the-date-ibsic-2026\/","title":{"rendered":"SAVE THE DATE: IBSIC 2026"},"content":{"rendered":"<div class=\"wpb-content-wrapper\"><p>[vc_row][vc_column][vc_column_text css=&#8221;&#8221;]<strong>IBSIC \u2013 Image Beyond the Screen International Conference<br \/>\nVideo mapping conference<\/strong><\/p>\n<p><strong>Thursday 9<sup>th<\/sup> &gt; Saturday 11<sup>th<\/sup> of April 2026<\/strong><br \/>\n<strong>Lille &amp; Arenberg Creative Mine &#8211; France<\/strong><\/p>\n<p>Every year, as part of the opening of the <strong>Video Mapping Festival<\/strong>, Rencontres Audiovisuelles present <strong>IBSIC, the annual international reference event dedicated to the video mapping industry<\/strong>, attended by the greatest names in the field: artists, producers, technical industries, festivals and venues, local authorities, etc.<br \/>\nFor 3 days, IBSIC brings together about <strong>40 speakers <\/strong>and <strong>400 participants<\/strong>, from<strong> more than 30 countries.<\/strong><br \/>\n2 themes will be highlighted this year: Immersive mapping and Mapping &amp; performing arts.<br \/>\n<strong><br \/>\nPROGRAMME 2026<br \/>\nThemes: Immersive mapping, Mapping &amp; performing arts<br \/>\n\u2022 Artist Talks:<\/strong> international artists present their careers and projects during conferences<br \/>\n<strong>\u2022 Case studies:<\/strong> presentations from key international players in the mapping sector<br \/>\n<strong>\u2022 Panels:<\/strong> discussions between artists and professionals to share experiments and stimulate reflections<br \/>\n<strong>\u2022 Research and Studies:<\/strong> presentations of recent research or studies on the industry<br \/>\n<strong>\u2022 Working groups:<\/strong> around 15 topics discussed in group, for a collective and prospective look at the future of mapping<br \/>\n<strong>\u2022 Talents Connection:<\/strong> speed meeting between artists, producers and promoters<br \/>\n<strong>\u2022 Video Mapping Awards:<\/strong> indoor screening of the best mapping productions of 2025<br \/>\n\u2022 And plenty of <strong>informal time for networking <\/strong>between participants!<\/p>\n<p><strong>+ Video Mapping tour in Lille &#8211; Friday 10<sup>th<\/sup> and Saturday 11<sup>th<\/sup> of April<\/strong><br \/>\nAlongside IBSIC, attend the opening of the Video Mapping Festival #9 in Lille: about 20 creations to discover through a tour in the city centre!<br \/>\n250 000 people attended the 2025 edition.<\/p>\n<p><strong>Registration opens: February 2026<\/strong><br \/>\n<a href=\"https:\/\/videomappingfestival.com\/en\/ibsic-2026\/\"><strong>&gt; More info<\/strong><\/a><\/p>\n<p><em>Organised by Rencontres Audiovisuelles as part of the Video Mapping European Center.<br \/>\nWith the support of the European Union (Europe is committed to the Hauts-de-France Region through the European Regional Development Fund), the Hauts-de-France Region, the Communaut\u00e9 d&#8217;Agglom\u00e9ration de La Porte du Hainaut, Arenberg Creative Mine and the Immersive Creative Fund, funded by the Centre national du cin\u00e9ma et de l&#8217;image anim\u00e9e.<\/em><br \/>\n<img decoding=\"async\" src=\"https:\/\/videomappingfestival.com\/wp-content\/uploads\/2018\/01\/bande_logos_IBSIC_EN-1.jpg\" alt=\"https:\/\/videomappingfestival.com\/wp-content\/uploads\/2018\/01\/bande_logos_IBSIC_EN-1.jpg\" \/>[\/vc_column_text][\/vc_column][\/vc_row]<\/p>\n<div class=\"simple-taxonomy\">\n\t<!-- Taxonomy : item-mapping : No Terms found -->\n\t<!-- Taxonomy : item-lieu : No Terms found -->\n\n<\/div>\n<\/div>","protected":false},"excerpt":{"rendered":"<p>[vc_row][vc_column][vc_column_text css=&#8221;&#8221;]IBSIC \u2013 Image Beyond the Screen International Conference Video mapping conference Thursday 9th &gt; Saturday 11th of April 2026 Lille &amp; Arenberg Creative Mine &#8211; France Every year, as part of the opening of the Video Mapping Festival, Rencontres Audiovisuelles present IBSIC, the annual international reference event dedicated to the video mapping industry, attended [&hellip;]<\/p>\n<div class=\"simple-taxonomy\">\n\t<!-- Taxonomy : item-mapping : No Terms found -->\n\t<!-- Taxonomy : item-lieu : No Terms found -->\n\n<\/div>\n","protected":false},"author":2,"featured_media":17550,"comment_status":"closed","ping_status":"closed","sticky":false,"template":"","format":"standard","meta":{"_acf_changed":false,"footnotes":""},"categories":[29],"tags":[],"item-mapping":[],"item-lieu":[],"class_list":["post-17556","post","type-post","status-publish","format-standard","has-post-thumbnail","hentry","category-news"],"acf":[],"yoast_head":"<!-- This site is optimized with the Yoast SEO plugin v26.8 - https:\/\/yoast.com\/product\/yoast-seo-wordpress\/ -->\n<title>SAVE THE DATE: IBSIC 2026 - Video Mapping Festival<\/title>\n<meta name=\"robots\" content=\"index, follow, max-snippet:-1, max-image-preview:large, max-video-preview:-1\" \/>\n<link rel=\"canonical\" href=\"https:\/\/videomappingfestival.com\/en\/save-the-date-ibsic-2026\/\" \/>\n<meta property=\"og:locale\" content=\"en_US\" \/>\n<meta property=\"og:type\" content=\"article\" \/>\n<meta property=\"og:title\" content=\"SAVE THE DATE: IBSIC 2026 - Video Mapping Festival\" \/>\n<meta property=\"og:description\" content=\"[vc_row][vc_column][vc_column_text css=&#8221;&#8221;]IBSIC \u2013 Image Beyond the Screen International Conference Video mapping conference Thursday 9th &gt; Saturday 11th of April 2026 Lille &amp; Arenberg Creative Mine &#8211; France Every year, as part of the opening of the Video Mapping Festival, Rencontres Audiovisuelles present IBSIC, the annual international reference event dedicated to the video mapping industry, attended [&hellip;]\" \/>\n<meta property=\"og:url\" content=\"https:\/\/videomappingfestival.com\/en\/save-the-date-ibsic-2026\/\" \/>\n<meta property=\"og:site_name\" content=\"Video Mapping Festival\" \/>\n<meta property=\"article:published_time\" content=\"2025-11-25T10:07:12+00:00\" \/>\n<meta property=\"article:modified_time\" content=\"2026-03-03T15:03:39+00:00\" \/>\n<meta property=\"og:image\" content=\"https:\/\/videomappingfestival.com\/wp-content\/uploads\/2025\/11\/VMF26_IBSIC.jpg\" \/>\n\t<meta property=\"og:image:width\" content=\"900\" \/>\n\t<meta property=\"og:image:height\" content=\"500\" \/>\n\t<meta property=\"og:image:type\" content=\"image\/jpeg\" \/>\n<meta name=\"author\" content=\"Webmaster\" \/>\n<meta name=\"twitter:card\" content=\"summary_large_image\" \/>\n<meta name=\"twitter:label1\" content=\"Written by\" \/>\n\t<meta name=\"twitter:data1\" content=\"Webmaster\" \/>\n\t<meta name=\"twitter:label2\" content=\"Est. reading time\" \/>\n\t<meta name=\"twitter:data2\" content=\"3 minutes\" \/>\n<script type=\"application\/ld+json\" class=\"yoast-schema-graph\">{\"@context\":\"https:\/\/schema.org\",\"@graph\":[{\"@type\":\"Article\",\"@id\":\"https:\/\/videomappingfestival.com\/en\/save-the-date-ibsic-2026\/#article\",\"isPartOf\":{\"@id\":\"https:\/\/videomappingfestival.com\/en\/save-the-date-ibsic-2026\/\"},\"author\":{\"name\":\"Webmaster\",\"@id\":\"https:\/\/videomappingfestival.com\/en\/#\/schema\/person\/b4e7ccbceddeda732fa7de831d7b0c1c\"},\"headline\":\"SAVE THE DATE: IBSIC 2026\",\"datePublished\":\"2025-11-25T10:07:12+00:00\",\"dateModified\":\"2026-03-03T15:03:39+00:00\",\"mainEntityOfPage\":{\"@id\":\"https:\/\/videomappingfestival.com\/en\/save-the-date-ibsic-2026\/\"},\"wordCount\":328,\"image\":{\"@id\":\"https:\/\/videomappingfestival.com\/en\/save-the-date-ibsic-2026\/#primaryimage\"},\"thumbnailUrl\":\"https:\/\/videomappingfestival.com\/wp-content\/uploads\/2025\/11\/VMF26_IBSIC.jpg\",\"articleSection\":[\"News\"],\"inLanguage\":\"en-US\"},{\"@type\":\"WebPage\",\"@id\":\"https:\/\/videomappingfestival.com\/en\/save-the-date-ibsic-2026\/\",\"url\":\"https:\/\/videomappingfestival.com\/en\/save-the-date-ibsic-2026\/\",\"name\":\"SAVE THE DATE: IBSIC 2026 - Video Mapping Festival\",\"isPartOf\":{\"@id\":\"https:\/\/videomappingfestival.com\/en\/#website\"},\"primaryImageOfPage\":{\"@id\":\"https:\/\/videomappingfestival.com\/en\/save-the-date-ibsic-2026\/#primaryimage\"},\"image\":{\"@id\":\"https:\/\/videomappingfestival.com\/en\/save-the-date-ibsic-2026\/#primaryimage\"},\"thumbnailUrl\":\"https:\/\/videomappingfestival.com\/wp-content\/uploads\/2025\/11\/VMF26_IBSIC.jpg\",\"datePublished\":\"2025-11-25T10:07:12+00:00\",\"dateModified\":\"2026-03-03T15:03:39+00:00\",\"author\":{\"@id\":\"https:\/\/videomappingfestival.com\/en\/#\/schema\/person\/b4e7ccbceddeda732fa7de831d7b0c1c\"},\"breadcrumb\":{\"@id\":\"https:\/\/videomappingfestival.com\/en\/save-the-date-ibsic-2026\/#breadcrumb\"},\"inLanguage\":\"en-US\",\"potentialAction\":[{\"@type\":\"ReadAction\",\"target\":[\"https:\/\/videomappingfestival.com\/en\/save-the-date-ibsic-2026\/\"]}]},{\"@type\":\"ImageObject\",\"inLanguage\":\"en-US\",\"@id\":\"https:\/\/videomappingfestival.com\/en\/save-the-date-ibsic-2026\/#primaryimage\",\"url\":\"https:\/\/videomappingfestival.com\/wp-content\/uploads\/2025\/11\/VMF26_IBSIC.jpg\",\"contentUrl\":\"https:\/\/videomappingfestival.com\/wp-content\/uploads\/2025\/11\/VMF26_IBSIC.jpg\",\"width\":900,\"height\":500},{\"@type\":\"BreadcrumbList\",\"@id\":\"https:\/\/videomappingfestival.com\/en\/save-the-date-ibsic-2026\/#breadcrumb\",\"itemListElement\":[{\"@type\":\"ListItem\",\"position\":1,\"name\":\"Accueil\",\"item\":\"https:\/\/videomappingfestival.com\/en\/\"},{\"@type\":\"ListItem\",\"position\":2,\"name\":\"SAVE THE DATE: IBSIC 2026\"}]},{\"@type\":\"WebSite\",\"@id\":\"https:\/\/videomappingfestival.com\/en\/#website\",\"url\":\"https:\/\/videomappingfestival.com\/en\/\",\"name\":\"Video Mapping Festival\",\"description\":\"En 2018, les Rencontres Audiovisuelles lancent la premi\u00e8re \u00e9dition du Video Mapping Festival en r\u00e9gion Hauts-de-France !\",\"potentialAction\":[{\"@type\":\"SearchAction\",\"target\":{\"@type\":\"EntryPoint\",\"urlTemplate\":\"https:\/\/videomappingfestival.com\/en\/?s={search_term_string}\"},\"query-input\":{\"@type\":\"PropertyValueSpecification\",\"valueRequired\":true,\"valueName\":\"search_term_string\"}}],\"inLanguage\":\"en-US\"},{\"@type\":\"Person\",\"@id\":\"https:\/\/videomappingfestival.com\/en\/#\/schema\/person\/b4e7ccbceddeda732fa7de831d7b0c1c\",\"name\":\"Webmaster\",\"image\":{\"@type\":\"ImageObject\",\"inLanguage\":\"en-US\",\"@id\":\"https:\/\/videomappingfestival.com\/en\/#\/schema\/person\/image\/\",\"url\":\"https:\/\/secure.gravatar.com\/avatar\/07b377bca5ba6e091d41ba9adf500a9fdf19965742a8669bfd6beba4c993f0e7?s=96&d=mm&r=g\",\"contentUrl\":\"https:\/\/secure.gravatar.com\/avatar\/07b377bca5ba6e091d41ba9adf500a9fdf19965742a8669bfd6beba4c993f0e7?s=96&d=mm&r=g\",\"caption\":\"Webmaster\"}}]}<\/script>\n<!-- \/ Yoast SEO plugin. -->","yoast_head_json":{"title":"SAVE THE DATE: IBSIC 2026 - Video Mapping Festival","robots":{"index":"index","follow":"follow","max-snippet":"max-snippet:-1","max-image-preview":"max-image-preview:large","max-video-preview":"max-video-preview:-1"},"canonical":"https:\/\/videomappingfestival.com\/en\/save-the-date-ibsic-2026\/","og_locale":"en_US","og_type":"article","og_title":"SAVE THE DATE: IBSIC 2026 - Video Mapping Festival","og_description":"[vc_row][vc_column][vc_column_text css=&#8221;&#8221;]IBSIC \u2013 Image Beyond the Screen International Conference Video mapping conference Thursday 9th &gt; Saturday 11th of April 2026 Lille &amp; Arenberg Creative Mine &#8211; France Every year, as part of the opening of the Video Mapping Festival, Rencontres Audiovisuelles present IBSIC, the annual international reference event dedicated to the video mapping industry, attended [&hellip;]","og_url":"https:\/\/videomappingfestival.com\/en\/save-the-date-ibsic-2026\/","og_site_name":"Video Mapping Festival","article_published_time":"2025-11-25T10:07:12+00:00","article_modified_time":"2026-03-03T15:03:39+00:00","og_image":[{"width":900,"height":500,"url":"https:\/\/videomappingfestival.com\/wp-content\/uploads\/2025\/11\/VMF26_IBSIC.jpg","type":"image\/jpeg"}],"author":"Webmaster","twitter_card":"summary_large_image","twitter_misc":{"Written by":"Webmaster","Est. reading time":"3 minutes"},"schema":{"@context":"https:\/\/schema.org","@graph":[{"@type":"Article","@id":"https:\/\/videomappingfestival.com\/en\/save-the-date-ibsic-2026\/#article","isPartOf":{"@id":"https:\/\/videomappingfestival.com\/en\/save-the-date-ibsic-2026\/"},"author":{"name":"Webmaster","@id":"https:\/\/videomappingfestival.com\/en\/#\/schema\/person\/b4e7ccbceddeda732fa7de831d7b0c1c"},"headline":"SAVE THE DATE: IBSIC 2026","datePublished":"2025-11-25T10:07:12+00:00","dateModified":"2026-03-03T15:03:39+00:00","mainEntityOfPage":{"@id":"https:\/\/videomappingfestival.com\/en\/save-the-date-ibsic-2026\/"},"wordCount":328,"image":{"@id":"https:\/\/videomappingfestival.com\/en\/save-the-date-ibsic-2026\/#primaryimage"},"thumbnailUrl":"https:\/\/videomappingfestival.com\/wp-content\/uploads\/2025\/11\/VMF26_IBSIC.jpg","articleSection":["News"],"inLanguage":"en-US"},{"@type":"WebPage","@id":"https:\/\/videomappingfestival.com\/en\/save-the-date-ibsic-2026\/","url":"https:\/\/videomappingfestival.com\/en\/save-the-date-ibsic-2026\/","name":"SAVE THE DATE: IBSIC 2026 - Video Mapping Festival","isPartOf":{"@id":"https:\/\/videomappingfestival.com\/en\/#website"},"primaryImageOfPage":{"@id":"https:\/\/videomappingfestival.com\/en\/save-the-date-ibsic-2026\/#primaryimage"},"image":{"@id":"https:\/\/videomappingfestival.com\/en\/save-the-date-ibsic-2026\/#primaryimage"},"thumbnailUrl":"https:\/\/videomappingfestival.com\/wp-content\/uploads\/2025\/11\/VMF26_IBSIC.jpg","datePublished":"2025-11-25T10:07:12+00:00","dateModified":"2026-03-03T15:03:39+00:00","author":{"@id":"https:\/\/videomappingfestival.com\/en\/#\/schema\/person\/b4e7ccbceddeda732fa7de831d7b0c1c"},"breadcrumb":{"@id":"https:\/\/videomappingfestival.com\/en\/save-the-date-ibsic-2026\/#breadcrumb"},"inLanguage":"en-US","potentialAction":[{"@type":"ReadAction","target":["https:\/\/videomappingfestival.com\/en\/save-the-date-ibsic-2026\/"]}]},{"@type":"ImageObject","inLanguage":"en-US","@id":"https:\/\/videomappingfestival.com\/en\/save-the-date-ibsic-2026\/#primaryimage","url":"https:\/\/videomappingfestival.com\/wp-content\/uploads\/2025\/11\/VMF26_IBSIC.jpg","contentUrl":"https:\/\/videomappingfestival.com\/wp-content\/uploads\/2025\/11\/VMF26_IBSIC.jpg","width":900,"height":500},{"@type":"BreadcrumbList","@id":"https:\/\/videomappingfestival.com\/en\/save-the-date-ibsic-2026\/#breadcrumb","itemListElement":[{"@type":"ListItem","position":1,"name":"Accueil","item":"https:\/\/videomappingfestival.com\/en\/"},{"@type":"ListItem","position":2,"name":"SAVE THE DATE: IBSIC 2026"}]},{"@type":"WebSite","@id":"https:\/\/videomappingfestival.com\/en\/#website","url":"https:\/\/videomappingfestival.com\/en\/","name":"Video Mapping Festival","description":"En 2018, les Rencontres Audiovisuelles lancent la premi\u00e8re \u00e9dition du Video Mapping Festival en r\u00e9gion Hauts-de-France !","potentialAction":[{"@type":"SearchAction","target":{"@type":"EntryPoint","urlTemplate":"https:\/\/videomappingfestival.com\/en\/?s={search_term_string}"},"query-input":{"@type":"PropertyValueSpecification","valueRequired":true,"valueName":"search_term_string"}}],"inLanguage":"en-US"},{"@type":"Person","@id":"https:\/\/videomappingfestival.com\/en\/#\/schema\/person\/b4e7ccbceddeda732fa7de831d7b0c1c","name":"Webmaster","image":{"@type":"ImageObject","inLanguage":"en-US","@id":"https:\/\/videomappingfestival.com\/en\/#\/schema\/person\/image\/","url":"https:\/\/secure.gravatar.com\/avatar\/07b377bca5ba6e091d41ba9adf500a9fdf19965742a8669bfd6beba4c993f0e7?s=96&d=mm&r=g","contentUrl":"https:\/\/secure.gravatar.com\/avatar\/07b377bca5ba6e091d41ba9adf500a9fdf19965742a8669bfd6beba4c993f0e7?s=96&d=mm&r=g","caption":"Webmaster"}}]}},"_links":{"self":[{"href":"https:\/\/videomappingfestival.com\/en\/wp-json\/wp\/v2\/posts\/17556","targetHints":{"allow":["GET"]}}],"collection":[{"href":"https:\/\/videomappingfestival.com\/en\/wp-json\/wp\/v2\/posts"}],"about":[{"href":"https:\/\/videomappingfestival.com\/en\/wp-json\/wp\/v2\/types\/post"}],"author":[{"embeddable":true,"href":"https:\/\/videomappingfestival.com\/en\/wp-json\/wp\/v2\/users\/2"}],"replies":[{"embeddable":true,"href":"https:\/\/videomappingfestival.com\/en\/wp-json\/wp\/v2\/comments?post=17556"}],"version-history":[{"count":5,"href":"https:\/\/videomappingfestival.com\/en\/wp-json\/wp\/v2\/posts\/17556\/revisions"}],"predecessor-version":[{"id":17779,"href":"https:\/\/videomappingfestival.com\/en\/wp-json\/wp\/v2\/posts\/17556\/revisions\/17779"}],"wp:featuredmedia":[{"embeddable":true,"href":"https:\/\/videomappingfestival.com\/en\/wp-json\/wp\/v2\/media\/17550"}],"wp:attachment":[{"href":"https:\/\/videomappingfestival.com\/en\/wp-json\/wp\/v2\/media?parent=17556"}],"wp:term":[{"taxonomy":"category","embeddable":true,"href":"https:\/\/videomappingfestival.com\/en\/wp-json\/wp\/v2\/categories?post=17556"},{"taxonomy":"post_tag","embeddable":true,"href":"https:\/\/videomappingfestival.com\/en\/wp-json\/wp\/v2\/tags?post=17556"},{"taxonomy":"item-mapping","embeddable":true,"href":"https:\/\/videomappingfestival.com\/en\/wp-json\/wp\/v2\/item-mapping?post=17556"},{"taxonomy":"item-lieu","embeddable":true,"href":"https:\/\/videomappingfestival.com\/en\/wp-json\/wp\/v2\/item-lieu?post=17556"}],"curies":[{"name":"wp","href":"https:\/\/api.w.org\/{rel}","templated":true}]}}